{"id":2645,"date":"2017-09-15T18:58:34","date_gmt":"2017-09-15T18:58:34","guid":{"rendered":"http:\/\/salvator-schule.de\/?p=2645"},"modified":"2017-10-20T14:37:27","modified_gmt":"2017-10-20T14:37:27","slug":"tag-der-offenen-tuer-2","status":"publish","type":"post","link":"https:\/\/salvator-schule.de\/?p=2645","title":{"rendered":"Tag der offenen T\u00fcr"},"content":{"rendered":"<p>Heute hatten wir unseren allj\u00e4hrlichen Tag der offenen T\u00fcr.<\/p>\n<p>Die zweiten und dritten Klassen haben Unterricht in verschiedenen F\u00e4chern gezeigt um so einen, wenn auch nur kleinen, Einblick in unser sch\u00f6nes Schulleben geben zu k\u00f6nnen. Die Klassenlehrerinnen der ersten Klassen haben zuk\u00fcnftige Eltern parallel und im Anschluss zum Unterricht \u00fcber das Schulleben, Lerninhalte und alle aufgekommenen Fragen informiert.<\/p>\n<p>Auch die OGS als Teil unserer Schulgemeinschaft hat sich allen Anwesenden Eltern, Verwandten und Kindern vorgestellt.<\/p>\n<p><a href=\"https:\/\/salvator-schule.de\/wp-content\/uploads\/2017\/02\/Salvator.jpg\"><img loading=\"lazy\" decoding=\"async\" class=\"aligncenter size-large wp-image-1733\" src=\"http:\/\/salvator-schule.de\/wp-content\/uploads\/2017\/02\/Salvator-1024x384.jpg\" alt=\"salvator\" width=\"610\" height=\"229\" srcset=\"https:\/\/salvator-schule.de\/wp-content\/uploads\/2017\/02\/Salvator-1024x384.jpg 1024w, https:\/\/salvator-schule.de\/wp-content\/uploads\/2017\/02\/Salvator-300x113.jpg 300w, https:\/\/salvator-schule.de\/wp-content\/uploads\/2017\/02\/Salvator-768x288.jpg 768w, https:\/\/salvator-schule.de\/wp-content\/uploads\/2017\/02\/Salvator.jpg 1200w\" sizes=\"(max-width: 610px) 100vw, 610px\" \/><\/a><\/p>\n","protected":false},"excerpt":{"rendered":"<p>Heute hatten wir unseren allj\u00e4hrlichen Tag der offenen T\u00fcr. Die zweiten und dritten Klassen haben Unterricht in verschiedenen F\u00e4chern gezeigt um so einen, wenn auch nur kleinen, Einblick in unser sch\u00f6nes Schulleben geben zu k\u00f6nnen. Die Klassenlehrerinnen der ersten Klassen haben zuk\u00fcnftige Eltern parallel und im Anschluss zum Unterricht \u00fcber das Schulleben, Lerninhalte und alle [&hellip;]<\/p>\n","protected":false},"author":3,"featured_media":0,"comment_status":"open","ping_status":"open","sticky":false,"template":"","format":"standard","meta":{"_uag_custom_page_level_css":"","footnotes":""},"categories":[1],"tags":[],"class_list":["post-2645","post","type-post","status-publish","format-standard","hentry","category-uncategorized"],"uagb_featured_image_src":{"full":false,"thumbnail":false,"medium":false,"medium_large":false,"large":false,"1536x1536":false,"2048x2048":false,"post-thumbnail":false,"evolve-post-thumbnail":false,"evolve-slider-thumbnail":false,"evolve-tabs-img":false,"evolve-testimonial-avatar":false},"uagb_author_info":{"display_name":"Roesner","author_link":"https:\/\/salvator-schule.de\/?author=3"},"uagb_comment_info":0,"uagb_excerpt":"Heute hatten wir unseren allj\u00e4hrlichen Tag der offenen T\u00fcr. Die zweiten und dritten Klassen haben Unterricht in verschiedenen F\u00e4chern gezeigt um so einen, wenn auch nur kleinen, Einblick in unser sch\u00f6nes Schulleben geben zu k\u00f6nnen. Die Klassenlehrerinnen der ersten Klassen haben zuk\u00fcnftige Eltern parallel und im Anschluss zum Unterricht \u00fcber das Schulleben, Lerninhalte und alle&hellip;","_links":{"self":[{"href":"https:\/\/salvator-schule.de\/index.php?rest_route=\/wp\/v2\/posts\/2645"}],"collection":[{"href":"https:\/\/salvator-schule.de\/index.php?rest_route=\/wp\/v2\/posts"}],"about":[{"href":"https:\/\/salvator-schule.de\/index.php?rest_route=\/wp\/v2\/types\/post"}],"author":[{"embeddable":true,"href":"https:\/\/salvator-schule.de\/index.php?rest_route=\/wp\/v2\/users\/3"}],"replies":[{"embeddable":true,"href":"https:\/\/salvator-schule.de\/index.php?rest_route=%2Fwp%2Fv2%2Fcomments&post=2645"}],"version-history":[{"count":3,"href":"https:\/\/salvator-schule.de\/index.php?rest_route=\/wp\/v2\/posts\/2645\/revisions"}],"predecessor-version":[{"id":2718,"href":"https:\/\/salvator-schule.de\/index.php?rest_route=\/wp\/v2\/posts\/2645\/revisions\/2718"}],"wp:attachment":[{"href":"https:\/\/salvator-schule.de\/index.php?rest_route=%2Fwp%2Fv2%2Fmedia&parent=2645"}],"wp:term":[{"taxonomy":"category","embeddable":true,"href":"https:\/\/salvator-schule.de\/index.php?rest_route=%2Fwp%2Fv2%2Fcategories&post=2645"},{"taxonomy":"post_tag","embeddable":true,"href":"https:\/\/salvator-schule.de\/index.php?rest_route=%2Fwp%2Fv2%2Ftags&post=2645"}],"curies":[{"name":"wp","href":"https:\/\/api.w.org\/{rel}","templated":true}]}}