{"id":2655,"date":"2017-09-30T07:02:45","date_gmt":"2017-09-30T07:02:45","guid":{"rendered":"http:\/\/salvator-schule.de\/?p=2655"},"modified":"2017-09-30T07:02:45","modified_gmt":"2017-09-30T07:02:45","slug":"2-platz-beim-24-stunden-schwimmen","status":"publish","type":"post","link":"https:\/\/salvator-schule.de\/?p=2655","title":{"rendered":"2. Platz beim \u00b424-Stunden-Schwimmen\u00b4"},"content":{"rendered":"<p>Wir freuen uns \u00fcber den 2. Platz in dem diesj\u00e4hrigen 24 h Schwimmen!!<\/p>\n<p>Unsere Schule ist mit 19 engagierten und begeisterten Sch\u00fclerinnen und Sch\u00fclern an den Start gegangen. Diese Sch\u00fclerInnen konnten mit einer geschwommenen Gesamtstrecke von 33.500 m und einer Strecke von 1.763 m pro Kind den zweiten Platz vor dem Sieger des letzten Jahres einnehmen.<\/p>\n<p style=\"text-align: center;\"><strong>Wir sind sehr stolz auf unsere Schwimmerinnen &amp; Schwimmer und gratulieren ihnen noch einmal auf diesem Wege!<\/strong><\/p>\n<p style=\"text-align: center;\">\n<p style=\"text-align: left;\">Unter den folgenden Links k\u00f6nnen Sie Bilder und Artikel zu dem Event anklicken.<\/p>\n<p style=\"text-align: left;\"><a href=\"http:\/\/www.dormagen-swimming.de\/77-schwimmen\/366-20-auflage-des-24-stunden-schwimmens\">http:\/\/www.dormagen-swimming.de\/77-schwimmen\/366-20-auflage-des-24-stunden-schwimmens<\/a><\/p>\n<p style=\"text-align: left;\"><a href=\"http:\/\/www.dormagen-swimming.de\/images\/Dokumente\/protokollzusammenfassung17.pdf\">http:\/\/www.dormagen-swimming.de\/images\/Dokumente\/protokollzusammenfassung17.pdf<\/a><\/p>\n<p style=\"text-align: left;\">http:\/\/www.tsv-bayer-dormagen.de\/startseite\/bilder\/202\/6598?album=202&#038;foto=6598<\/p>\n<p style=\"text-align: left;\">\n<p style=\"text-align: left;\"><img loading=\"lazy\" decoding=\"async\" class=\"aligncenter size-full wp-image-2656\" src=\"http:\/\/salvator-schule.de\/wp-content\/uploads\/2017\/09\/34994623834_ba8302e131_n.jpg\" alt=\"34994623834_ba8302e131_n\" width=\"320\" height=\"213\" srcset=\"https:\/\/salvator-schule.de\/wp-content\/uploads\/2017\/09\/34994623834_ba8302e131_n.jpg 320w, https:\/\/salvator-schule.de\/wp-content\/uploads\/2017\/09\/34994623834_ba8302e131_n-300x200.jpg 300w\" sizes=\"(max-width: 320px) 100vw, 320px\" \/><\/p>\n<p style=\"text-align: left;\">Abb. von http:\/\/www.tsv-bayer-dormagen.de\/startseite\/bilder\/202\/6598?album=202&amp;foto=6598<\/p>\n","protected":false},"excerpt":{"rendered":"<p>Wir freuen uns \u00fcber den 2. Platz in dem diesj\u00e4hrigen 24 h Schwimmen!! Unsere Schule ist mit 19 engagierten und begeisterten Sch\u00fclerinnen und Sch\u00fclern an den Start gegangen. Diese Sch\u00fclerInnen konnten mit einer geschwommenen Gesamtstrecke von 33.500 m und einer Strecke von 1.763 m pro Kind den zweiten Platz vor dem Sieger des letzten Jahres [&hellip;]<\/p>\n","protected":false},"author":3,"featured_media":0,"comment_status":"open","ping_status":"open","sticky":false,"template":"","format":"aside","meta":{"_uag_custom_page_level_css":"","footnotes":""},"categories":[8],"tags":[],"class_list":["post-2655","post","type-post","status-publish","format-aside","hentry","category-news","post_format-post-format-aside"],"uagb_featured_image_src":{"full":false,"thumbnail":false,"medium":false,"medium_large":false,"large":false,"1536x1536":false,"2048x2048":false,"post-thumbnail":false,"evolve-post-thumbnail":false,"evolve-slider-thumbnail":false,"evolve-tabs-img":false,"evolve-testimonial-avatar":false},"uagb_author_info":{"display_name":"Roesner","author_link":"https:\/\/salvator-schule.de\/?author=3"},"uagb_comment_info":0,"uagb_excerpt":"Wir freuen uns \u00fcber den 2. Platz in dem diesj\u00e4hrigen 24 h Schwimmen!! Unsere Schule ist mit 19 engagierten und begeisterten Sch\u00fclerinnen und Sch\u00fclern an den Start gegangen. Diese Sch\u00fclerInnen konnten mit einer geschwommenen Gesamtstrecke von 33.500 m und einer Strecke von 1.763 m pro Kind den zweiten Platz vor dem Sieger des letzten Jahres&hellip;","_links":{"self":[{"href":"https:\/\/salvator-schule.de\/index.php?rest_route=\/wp\/v2\/posts\/2655"}],"collection":[{"href":"https:\/\/salvator-schule.de\/index.php?rest_route=\/wp\/v2\/posts"}],"about":[{"href":"https:\/\/salvator-schule.de\/index.php?rest_route=\/wp\/v2\/types\/post"}],"author":[{"embeddable":true,"href":"https:\/\/salvator-schule.de\/index.php?rest_route=\/wp\/v2\/users\/3"}],"replies":[{"embeddable":true,"href":"https:\/\/salvator-schule.de\/index.php?rest_route=%2Fwp%2Fv2%2Fcomments&post=2655"}],"version-history":[{"count":1,"href":"https:\/\/salvator-schule.de\/index.php?rest_route=\/wp\/v2\/posts\/2655\/revisions"}],"predecessor-version":[{"id":2657,"href":"https:\/\/salvator-schule.de\/index.php?rest_route=\/wp\/v2\/posts\/2655\/revisions\/2657"}],"wp:attachment":[{"href":"https:\/\/salvator-schule.de\/index.php?rest_route=%2Fwp%2Fv2%2Fmedia&parent=2655"}],"wp:term":[{"taxonomy":"category","embeddable":true,"href":"https:\/\/salvator-schule.de\/index.php?rest_route=%2Fwp%2Fv2%2Fcategories&post=2655"},{"taxonomy":"post_tag","embeddable":true,"href":"https:\/\/salvator-schule.de\/index.php?rest_route=%2Fwp%2Fv2%2Ftags&post=2655"}],"curies":[{"name":"wp","href":"https:\/\/api.w.org\/{rel}","templated":true}]}}