{"id":2739,"date":"2017-11-28T17:13:27","date_gmt":"2017-11-28T17:13:27","guid":{"rendered":"http:\/\/salvator-schule.de\/?p=2739"},"modified":"2017-11-28T17:14:20","modified_gmt":"2017-11-28T17:14:20","slug":"nikolausumzug-in-der-dormagener-innenstadt","status":"publish","type":"post","link":"https:\/\/salvator-schule.de\/?p=2739","title":{"rendered":"Nikolausumzug in der Dormagener Innenstadt"},"content":{"rendered":"<p>Liebe Kinder, liebe Eltern!<img loading=\"lazy\" decoding=\"async\" id=\"_x0000_i1025\" class=\"alignright\" src=\"http:\/\/hexenhaus.net\/wp-content\/uploads\/2011\/12\/nikolaus.jpg\" alt=\"http:\/\/hexenhaus.net\/wp-content\/uploads\/2011\/12\/nikolaus.jpg\" width=\"174\" height=\"228\" \/><\/p>\n<p>Traditionsgem\u00e4\u00df findet auch in diesem Jahr wieder der Nikolausumzug in der Dormagener Innenstadt statt.<\/p>\n<p>Wir (<strong>Kinderschutzbund Dormagen<\/strong>) laden alle Kinder am 5.Dezember herzlich zur Teilnahme ein. Es w\u00e4re sch\u00f6n, wenn die Kinder eine Laterne mitbringen w\u00fcrden.<\/p>\n<p>Die Aufstellung findet um 17 Uhr auf dem Marktplatz statt.<\/p>\n<p>17.15 Uhr setzt sich der Zug dann in Begleitung der Feuerwehrkapelle in Richtung Rathausplatz in Bewegung.<\/p>\n<p>Hier findet ein kleines B\u00fchnenprogramm mit dem Nikolaus statt.<\/p>\n<p>Am Ende erh\u00e4lt jedes Kind eine kleine Nikolaust\u00fcte mit einer \u00dcberraschung.<\/p>\n<h3 style=\"text-align: center;\"><span style=\"text-decoration: underline;\"><span style=\"color: #ff0000; text-decoration: underline;\"><em><strong>Es ist keine Schulveranstaltung, nur ein informelles Angebot der Stadt Dormagen!!<\/strong><\/em><\/span><\/span><\/h3>\n<p>&nbsp;<\/p>\n<blockquote class=\"wp-embedded-content\" data-secret=\"SMGhBU6keM\"><p><a href=\"https:\/\/www.klartext-ne.de\/2017\/11\/17\/dormagen-nikolausumzug-durch-die-innenstadt-5-dezember-2017\/\">Dormagen: Nikolausumzug durch die Innenstadt \u2013 5. Dezember 2017<\/a><\/p><\/blockquote>\n<p><iframe loading=\"lazy\" title=\"&#8222;Dormagen: Nikolausumzug durch die Innenstadt \u2013 5. Dezember 2017&#8220; &#8212; Rhein-Kreis Nachrichten - Klartext-NE.de\" class=\"wp-embedded-content\" sandbox=\"allow-scripts\" security=\"restricted\" style=\"position: absolute; clip: rect(1px, 1px, 1px, 1px);\" src=\"https:\/\/www.klartext-ne.de\/2017\/11\/17\/dormagen-nikolausumzug-durch-die-innenstadt-5-dezember-2017\/embed\/#?secret=SMGhBU6keM\" data-secret=\"SMGhBU6keM\" width=\"600\" height=\"338\" frameborder=\"0\" marginwidth=\"0\" marginheight=\"0\" scrolling=\"no\"><\/iframe><\/p>\n","protected":false},"excerpt":{"rendered":"<p>Liebe Kinder, liebe Eltern! Traditionsgem\u00e4\u00df findet auch in diesem Jahr wieder der Nikolausumzug in der Dormagener Innenstadt statt. Wir (Kinderschutzbund Dormagen) laden alle Kinder am 5.Dezember herzlich zur Teilnahme ein. Es w\u00e4re sch\u00f6n, wenn die Kinder eine Laterne mitbringen w\u00fcrden. Die Aufstellung findet um 17 Uhr auf dem Marktplatz statt. 17.15 Uhr setzt sich der [&hellip;]<\/p>\n","protected":false},"author":3,"featured_media":0,"comment_status":"open","ping_status":"open","sticky":false,"template":"","format":"standard","meta":{"_uag_custom_page_level_css":"","footnotes":""},"categories":[8],"tags":[],"class_list":["post-2739","post","type-post","status-publish","format-standard","hentry","category-news"],"uagb_featured_image_src":{"full":false,"thumbnail":false,"medium":false,"medium_large":false,"large":false,"1536x1536":false,"2048x2048":false,"post-thumbnail":false,"evolve-post-thumbnail":false,"evolve-slider-thumbnail":false,"evolve-tabs-img":false,"evolve-testimonial-avatar":false},"uagb_author_info":{"display_name":"Roesner","author_link":"https:\/\/salvator-schule.de\/?author=3"},"uagb_comment_info":0,"uagb_excerpt":"Liebe Kinder, liebe Eltern! Traditionsgem\u00e4\u00df findet auch in diesem Jahr wieder der Nikolausumzug in der Dormagener Innenstadt statt. Wir (Kinderschutzbund Dormagen) laden alle Kinder am 5.Dezember herzlich zur Teilnahme ein. Es w\u00e4re sch\u00f6n, wenn die Kinder eine Laterne mitbringen w\u00fcrden. Die Aufstellung findet um 17 Uhr auf dem Marktplatz statt. 17.15 Uhr setzt sich der&hellip;","_links":{"self":[{"href":"https:\/\/salvator-schule.de\/index.php?rest_route=\/wp\/v2\/posts\/2739"}],"collection":[{"href":"https:\/\/salvator-schule.de\/index.php?rest_route=\/wp\/v2\/posts"}],"about":[{"href":"https:\/\/salvator-schule.de\/index.php?rest_route=\/wp\/v2\/types\/post"}],"author":[{"embeddable":true,"href":"https:\/\/salvator-schule.de\/index.php?rest_route=\/wp\/v2\/users\/3"}],"replies":[{"embeddable":true,"href":"https:\/\/salvator-schule.de\/index.php?rest_route=%2Fwp%2Fv2%2Fcomments&post=2739"}],"version-history":[{"count":2,"href":"https:\/\/salvator-schule.de\/index.php?rest_route=\/wp\/v2\/posts\/2739\/revisions"}],"predecessor-version":[{"id":2741,"href":"https:\/\/salvator-schule.de\/index.php?rest_route=\/wp\/v2\/posts\/2739\/revisions\/2741"}],"wp:attachment":[{"href":"https:\/\/salvator-schule.de\/index.php?rest_route=%2Fwp%2Fv2%2Fmedia&parent=2739"}],"wp:term":[{"taxonomy":"category","embeddable":true,"href":"https:\/\/salvator-schule.de\/index.php?rest_route=%2Fwp%2Fv2%2Fcategories&post=2739"},{"taxonomy":"post_tag","embeddable":true,"href":"https:\/\/salvator-schule.de\/index.php?rest_route=%2Fwp%2Fv2%2Ftags&post=2739"}],"curies":[{"name":"wp","href":"https:\/\/api.w.org\/{rel}","templated":true}]}}