{"id":2744,"date":"2017-12-07T06:31:21","date_gmt":"2017-12-07T06:31:21","guid":{"rendered":"http:\/\/salvator-schule.de\/?p=2744"},"modified":"2017-12-07T06:31:21","modified_gmt":"2017-12-07T06:31:21","slug":"plaetzchenduft","status":"publish","type":"post","link":"https:\/\/salvator-schule.de\/?p=2744","title":{"rendered":"Pl\u00e4tzchenduft"},"content":{"rendered":"<p style=\"text-align: left;\">Fast t\u00e4glich duftet es momentan nach herrlichem Pl\u00e4tzchenduft in den Fluren unserer Schule. M\u00fctter, V\u00e4ter, Kinder und Lehrerinnen arbeiten flei\u00dfig in der Weihnachtsb\u00e4ckerei. Die leckeren Pl\u00e4tzchen werden anschlie\u00dfend jeden Morgen w\u00e4hrend der Adventsgeschichten-Vorlesezeit in den Klassen von den Kindern genossen werden.<\/p>\n<p style=\"text-align: center;\">Wir w\u00fcnschen allen eine sch\u00f6ne Adventszeit!<\/p>\n<p style=\"text-align: center;\"><a href=\"http:\/\/salvator-schule.de\/wp-content\/uploads\/2017\/12\/IMG-20171206-WA0004.jpg\"><img loading=\"lazy\" decoding=\"async\" class=\"aligncenter size-large wp-image-2745\" src=\"http:\/\/salvator-schule.de\/wp-content\/uploads\/2017\/12\/IMG-20171206-WA0004-1024x576.jpg\" alt=\"img-20171206-wa0004\" width=\"610\" height=\"343\" srcset=\"https:\/\/salvator-schule.de\/wp-content\/uploads\/2017\/12\/IMG-20171206-WA0004-1024x576.jpg 1024w, https:\/\/salvator-schule.de\/wp-content\/uploads\/2017\/12\/IMG-20171206-WA0004-300x169.jpg 300w, https:\/\/salvator-schule.de\/wp-content\/uploads\/2017\/12\/IMG-20171206-WA0004-768x432.jpg 768w, https:\/\/salvator-schule.de\/wp-content\/uploads\/2017\/12\/IMG-20171206-WA0004.jpg 1280w\" sizes=\"(max-width: 610px) 100vw, 610px\" \/><\/a> <a href=\"http:\/\/salvator-schule.de\/wp-content\/uploads\/2017\/12\/IMG-20171206-WA0005.jpg\"><img loading=\"lazy\" decoding=\"async\" class=\"aligncenter size-large wp-image-2746\" src=\"http:\/\/salvator-schule.de\/wp-content\/uploads\/2017\/12\/IMG-20171206-WA0005-1024x768.jpg\" alt=\"img-20171206-wa0005\" width=\"610\" height=\"458\" srcset=\"https:\/\/salvator-schule.de\/wp-content\/uploads\/2017\/12\/IMG-20171206-WA0005-1024x768.jpg 1024w, https:\/\/salvator-schule.de\/wp-content\/uploads\/2017\/12\/IMG-20171206-WA0005-300x225.jpg 300w, https:\/\/salvator-schule.de\/wp-content\/uploads\/2017\/12\/IMG-20171206-WA0005-768x576.jpg 768w, https:\/\/salvator-schule.de\/wp-content\/uploads\/2017\/12\/IMG-20171206-WA0005.jpg 1280w\" sizes=\"(max-width: 610px) 100vw, 610px\" \/><\/a> <a href=\"http:\/\/salvator-schule.de\/wp-content\/uploads\/2017\/12\/IMG-20171206-WA0006.jpg\"><img loading=\"lazy\" decoding=\"async\" class=\"aligncenter size-large wp-image-2747\" src=\"http:\/\/salvator-schule.de\/wp-content\/uploads\/2017\/12\/IMG-20171206-WA0006-1024x768.jpg\" alt=\"img-20171206-wa0006\" width=\"610\" height=\"458\" srcset=\"https:\/\/salvator-schule.de\/wp-content\/uploads\/2017\/12\/IMG-20171206-WA0006-1024x768.jpg 1024w, https:\/\/salvator-schule.de\/wp-content\/uploads\/2017\/12\/IMG-20171206-WA0006-300x225.jpg 300w, https:\/\/salvator-schule.de\/wp-content\/uploads\/2017\/12\/IMG-20171206-WA0006-768x576.jpg 768w, https:\/\/salvator-schule.de\/wp-content\/uploads\/2017\/12\/IMG-20171206-WA0006.jpg 1280w\" sizes=\"(max-width: 610px) 100vw, 610px\" \/><\/a> <a href=\"http:\/\/salvator-schule.de\/wp-content\/uploads\/2017\/12\/IMG-20171206-WA0007.jpg\"><img loading=\"lazy\" decoding=\"async\" class=\"aligncenter size-large wp-image-2748\" src=\"http:\/\/salvator-schule.de\/wp-content\/uploads\/2017\/12\/IMG-20171206-WA0007-1024x768.jpg\" alt=\"img-20171206-wa0007\" width=\"610\" height=\"458\" srcset=\"https:\/\/salvator-schule.de\/wp-content\/uploads\/2017\/12\/IMG-20171206-WA0007-1024x768.jpg 1024w, https:\/\/salvator-schule.de\/wp-content\/uploads\/2017\/12\/IMG-20171206-WA0007-300x225.jpg 300w, https:\/\/salvator-schule.de\/wp-content\/uploads\/2017\/12\/IMG-20171206-WA0007-768x576.jpg 768w, https:\/\/salvator-schule.de\/wp-content\/uploads\/2017\/12\/IMG-20171206-WA0007.jpg 1280w\" sizes=\"(max-width: 610px) 100vw, 610px\" \/><\/a> <a href=\"http:\/\/salvator-schule.de\/wp-content\/uploads\/2017\/12\/IMG-20171206-WA0008.jpg\"><img loading=\"lazy\" decoding=\"async\" class=\"aligncenter size-large wp-image-2749\" src=\"http:\/\/salvator-schule.de\/wp-content\/uploads\/2017\/12\/IMG-20171206-WA0008-1024x576.jpg\" alt=\"img-20171206-wa0008\" width=\"610\" height=\"343\" srcset=\"https:\/\/salvator-schule.de\/wp-content\/uploads\/2017\/12\/IMG-20171206-WA0008-1024x576.jpg 1024w, https:\/\/salvator-schule.de\/wp-content\/uploads\/2017\/12\/IMG-20171206-WA0008-300x169.jpg 300w, https:\/\/salvator-schule.de\/wp-content\/uploads\/2017\/12\/IMG-20171206-WA0008-768x432.jpg 768w, https:\/\/salvator-schule.de\/wp-content\/uploads\/2017\/12\/IMG-20171206-WA0008.jpg 1280w\" sizes=\"(max-width: 610px) 100vw, 610px\" \/><\/a><\/p>\n<p>&nbsp;<\/p>\n","protected":false},"excerpt":{"rendered":"<p>Fast t\u00e4glich duftet es momentan nach herrlichem Pl\u00e4tzchenduft in den Fluren unserer Schule. M\u00fctter, V\u00e4ter, Kinder und Lehrerinnen arbeiten flei\u00dfig in der Weihnachtsb\u00e4ckerei. Die leckeren Pl\u00e4tzchen werden anschlie\u00dfend jeden Morgen w\u00e4hrend der Adventsgeschichten-Vorlesezeit in den Klassen von den Kindern genossen werden. Wir w\u00fcnschen allen eine sch\u00f6ne Adventszeit! &nbsp;<\/p>\n","protected":false},"author":3,"featured_media":0,"comment_status":"open","ping_status":"open","sticky":false,"template":"","format":"standard","meta":{"_uag_custom_page_level_css":"","footnotes":""},"categories":[1],"tags":[],"class_list":["post-2744","post","type-post","status-publish","format-standard","hentry","category-uncategorized"],"uagb_featured_image_src":{"full":false,"thumbnail":false,"medium":false,"medium_large":false,"large":false,"1536x1536":false,"2048x2048":false,"post-thumbnail":false,"evolve-post-thumbnail":false,"evolve-slider-thumbnail":false,"evolve-tabs-img":false,"evolve-testimonial-avatar":false},"uagb_author_info":{"display_name":"Roesner","author_link":"https:\/\/salvator-schule.de\/?author=3"},"uagb_comment_info":0,"uagb_excerpt":"Fast t\u00e4glich duftet es momentan nach herrlichem Pl\u00e4tzchenduft in den Fluren unserer Schule. M\u00fctter, V\u00e4ter, Kinder und Lehrerinnen arbeiten flei\u00dfig in der Weihnachtsb\u00e4ckerei. Die leckeren Pl\u00e4tzchen werden anschlie\u00dfend jeden Morgen w\u00e4hrend der Adventsgeschichten-Vorlesezeit in den Klassen von den Kindern genossen werden. Wir w\u00fcnschen allen eine sch\u00f6ne Adventszeit! &nbsp;","_links":{"self":[{"href":"https:\/\/salvator-schule.de\/index.php?rest_route=\/wp\/v2\/posts\/2744"}],"collection":[{"href":"https:\/\/salvator-schule.de\/index.php?rest_route=\/wp\/v2\/posts"}],"about":[{"href":"https:\/\/salvator-schule.de\/index.php?rest_route=\/wp\/v2\/types\/post"}],"author":[{"embeddable":true,"href":"https:\/\/salvator-schule.de\/index.php?rest_route=\/wp\/v2\/users\/3"}],"replies":[{"embeddable":true,"href":"https:\/\/salvator-schule.de\/index.php?rest_route=%2Fwp%2Fv2%2Fcomments&post=2744"}],"version-history":[{"count":1,"href":"https:\/\/salvator-schule.de\/index.php?rest_route=\/wp\/v2\/posts\/2744\/revisions"}],"predecessor-version":[{"id":2750,"href":"https:\/\/salvator-schule.de\/index.php?rest_route=\/wp\/v2\/posts\/2744\/revisions\/2750"}],"wp:attachment":[{"href":"https:\/\/salvator-schule.de\/index.php?rest_route=%2Fwp%2Fv2%2Fmedia&parent=2744"}],"wp:term":[{"taxonomy":"category","embeddable":true,"href":"https:\/\/salvator-schule.de\/index.php?rest_route=%2Fwp%2Fv2%2Fcategories&post=2744"},{"taxonomy":"post_tag","embeddable":true,"href":"https:\/\/salvator-schule.de\/index.php?rest_route=%2Fwp%2Fv2%2Ftags&post=2744"}],"curies":[{"name":"wp","href":"https:\/\/api.w.org\/{rel}","templated":true}]}}