{"id":3033,"date":"2018-02-15T14:33:45","date_gmt":"2018-02-15T14:33:45","guid":{"rendered":"http:\/\/salvator-schule.de\/?p=3033"},"modified":"2018-02-17T07:48:29","modified_gmt":"2018-02-17T07:48:29","slug":"die-salvator-schule-im-kino","status":"publish","type":"post","link":"https:\/\/salvator-schule.de\/?p=3033","title":{"rendered":"Die Salvator-Schule im Kino"},"content":{"rendered":"<p>Der 13.02.2018 war ein langersehnter Tag f\u00fcr die Sch\u00fclerInnen der Salvator Schule, ging es an diesem Tag doch endlich ins Kino. Einige Kinder waren noch nie in einem solchen und deshalb doppelt gespannt auf das, was auf sie zukommen w\u00fcrde.<\/p>\n<p>Aufgeregt standen die M\u00e4dchen und Jungen vor der Schule und warteten auf die Busse, die sie nach Dormagen zum Kino bef\u00f6rdern sollten.\u00a0 Dort gab es f\u00fcr alle Popcorn und ein Getr\u00e4nk, bevor es in den Kinosaal ging.<\/p>\n<p>Die Sch\u00fclerInnen und\u00a0 LehrerInnen sowie die ErzieherInnen machten es sich auf den weichen Sitzen gem\u00fctlich. Alle warteten auf ihren frei gew\u00e4hlten Film. Zur Auswahl standen \u201eHilfe, ich habe meine Eltern geschrumpft\u201c und \u201eDie kleine Hexe\u201c, die beide sehr gut bei den Kindern ankamen.<\/p>\n<p>Am Ende krabbelten alle Kinder \u00fcber den Boden und sammelten das heruntergefallene Popcorn auf. Denn als Umweltschule der Stadt Dormagen war es allen Beteiligten wichtig, dass kein M\u00fcll in den Kinos\u00e4len zur\u00fcckgelassen wurde.<\/p>\n<p>F\u00fcr die ganze Schule war dieser Tag ein tolles Erlebnis.<\/p>\n<p>&nbsp;<\/p>\n<p><a href=\"http:\/\/salvator-schule.de\/wp-content\/uploads\/2018\/02\/20180213_100456.jpg\"><img loading=\"lazy\" decoding=\"async\" class=\"aligncenter size-large wp-image-3038\" src=\"http:\/\/salvator-schule.de\/wp-content\/uploads\/2018\/02\/20180213_100456-1024x576.jpg\" alt=\"20180213_100456\" width=\"610\" height=\"343\" srcset=\"https:\/\/salvator-schule.de\/wp-content\/uploads\/2018\/02\/20180213_100456-1024x576.jpg 1024w, https:\/\/salvator-schule.de\/wp-content\/uploads\/2018\/02\/20180213_100456-300x169.jpg 300w, https:\/\/salvator-schule.de\/wp-content\/uploads\/2018\/02\/20180213_100456-768x432.jpg 768w\" sizes=\"(max-width: 610px) 100vw, 610px\" \/><\/a><\/p>\n<p>&nbsp;<\/p>\n<p>&nbsp;<\/p>\n","protected":false},"excerpt":{"rendered":"<p>Der 13.02.2018 war ein langersehnter Tag f\u00fcr die Sch\u00fclerInnen der Salvator Schule, ging es an diesem Tag doch endlich ins Kino. Einige Kinder waren noch nie in einem solchen und deshalb doppelt gespannt auf das, was auf sie zukommen w\u00fcrde. Aufgeregt standen die M\u00e4dchen und Jungen vor der Schule und warteten auf die Busse, die [&hellip;]<\/p>\n","protected":false},"author":3,"featured_media":0,"comment_status":"open","ping_status":"open","sticky":false,"template":"","format":"aside","meta":{"_uag_custom_page_level_css":"","footnotes":""},"categories":[8],"tags":[],"class_list":["post-3033","post","type-post","status-publish","format-aside","hentry","category-news","post_format-post-format-aside"],"uagb_featured_image_src":{"full":false,"thumbnail":false,"medium":false,"medium_large":false,"large":false,"1536x1536":false,"2048x2048":false,"post-thumbnail":false,"evolve-post-thumbnail":false,"evolve-slider-thumbnail":false,"evolve-tabs-img":false,"evolve-testimonial-avatar":false},"uagb_author_info":{"display_name":"Roesner","author_link":"https:\/\/salvator-schule.de\/?author=3"},"uagb_comment_info":0,"uagb_excerpt":"Der 13.02.2018 war ein langersehnter Tag f\u00fcr die Sch\u00fclerInnen der Salvator Schule, ging es an diesem Tag doch endlich ins Kino. Einige Kinder waren noch nie in einem solchen und deshalb doppelt gespannt auf das, was auf sie zukommen w\u00fcrde. Aufgeregt standen die M\u00e4dchen und Jungen vor der Schule und warteten auf die Busse, die&hellip;","_links":{"self":[{"href":"https:\/\/salvator-schule.de\/index.php?rest_route=\/wp\/v2\/posts\/3033"}],"collection":[{"href":"https:\/\/salvator-schule.de\/index.php?rest_route=\/wp\/v2\/posts"}],"about":[{"href":"https:\/\/salvator-schule.de\/index.php?rest_route=\/wp\/v2\/types\/post"}],"author":[{"embeddable":true,"href":"https:\/\/salvator-schule.de\/index.php?rest_route=\/wp\/v2\/users\/3"}],"replies":[{"embeddable":true,"href":"https:\/\/salvator-schule.de\/index.php?rest_route=%2Fwp%2Fv2%2Fcomments&post=3033"}],"version-history":[{"count":2,"href":"https:\/\/salvator-schule.de\/index.php?rest_route=\/wp\/v2\/posts\/3033\/revisions"}],"predecessor-version":[{"id":3039,"href":"https:\/\/salvator-schule.de\/index.php?rest_route=\/wp\/v2\/posts\/3033\/revisions\/3039"}],"wp:attachment":[{"href":"https:\/\/salvator-schule.de\/index.php?rest_route=%2Fwp%2Fv2%2Fmedia&parent=3033"}],"wp:term":[{"taxonomy":"category","embeddable":true,"href":"https:\/\/salvator-schule.de\/index.php?rest_route=%2Fwp%2Fv2%2Fcategories&post=3033"},{"taxonomy":"post_tag","embeddable":true,"href":"https:\/\/salvator-schule.de\/index.php?rest_route=%2Fwp%2Fv2%2Ftags&post=3033"}],"curies":[{"name":"wp","href":"https:\/\/api.w.org\/{rel}","templated":true}]}}