{"id":3170,"date":"2018-03-09T19:57:42","date_gmt":"2018-03-09T19:57:42","guid":{"rendered":"http:\/\/salvator-schule.de\/?p=3170"},"modified":"2018-05-15T13:37:28","modified_gmt":"2018-05-15T13:37:28","slug":"elternaktion-in-unserem-schulgarten","status":"publish","type":"post","link":"https:\/\/salvator-schule.de\/?p=3170","title":{"rendered":"Elternaktion in unserem Schulgarten"},"content":{"rendered":"<p>Dank vieler Eltern, OGS-MitarbeiterInnen, LehrerInnen und Kindern haben wir heute in einer Rekordzeit unseren Schulgarten auf fordermann gebracht. Da wir heute unseren Sauberhaft-Tag in der Schule hatten passte im Anschluss eine &#8222;Reinigung&#8220; unseres Schulgartens perfekt in den Tag. Einige Eltern der Erstkl\u00e4ssler waren sogar am Vormittag und Nachmittag dabei.<\/p>\n<p>Wir haben heute mehrere B\u00e4ume, Obst und viiiiiiele Blumenzwiebeln, sowie Samen eingepflanzt. Nun freuen wir uns auf die kommende Zeit, wenn alles erbl\u00fcht.<\/p>\n<p>Unser Komposthaufen wurde komplett gesiebt, der Barfu\u00dfpfad wurde entfernt und mit Rindenmulch aufgef\u00fcllt, an dem Tippi wurden morsche und kleine Zweige\/\u00c4ste entfernt, Alle Beete und T\u00f6pfe wurden mit Erde aufgef\u00fcllt, das Insektenhotel hat einen neuen Platz gefunden, alle B\u00e4nke wurden abgeschliffen und mit einem Klarlack lackiert, unsere &#8222;K\u00fche&#8220; wurden abgeschliffen und wei\u00df grundiert, etwas Kunst per Gummistiefel ist schon in unserem Garten eingezogen uvm&#8230;.!<\/p>\n<p>Weitere Kunst, sowie weiteres Obst und Gem\u00fcse wird im laufe der kommenden Wochen in den beiden Garten AG\u00b4s eingepflanzt, an- und hingehangen. Auch an unserem Insektenhotel m\u00fcssen wir noch flei\u00dfig weiter arbeiten.<\/p>\n<p>Man sieht wir haben schon viel geschafft, haben aber nun auch noch einiges vor uns! =D<\/p>\n<p>&nbsp;<\/p>\n<h5 style=\"text-align: center;\">Wir danken allen Helfern und Helferinnen, Spendern und Spenderinnen von diversen Gie\u00dfkannen, Blumen, B\u00e4umen, Kr\u00e4utern, Erde &#8230;, denn ohne SIE h\u00e4tten wir das nicht geschafft!<\/h5>\n<p>&nbsp;<\/p>\n<p><a href=\"http:\/\/salvator-schule.de\/wp-content\/uploads\/2018\/03\/Elternaktion_Garten_2018-62.jpg\"><img loading=\"lazy\" decoding=\"async\" class=\"aligncenter size-large wp-image-3172\" src=\"http:\/\/salvator-schule.de\/wp-content\/uploads\/2018\/03\/Elternaktion_Garten_2018-62-1024x768.jpg\" alt=\"elternaktion_garten_2018-62\" width=\"610\" height=\"458\" srcset=\"https:\/\/salvator-schule.de\/wp-content\/uploads\/2018\/03\/Elternaktion_Garten_2018-62-1024x768.jpg 1024w, https:\/\/salvator-schule.de\/wp-content\/uploads\/2018\/03\/Elternaktion_Garten_2018-62-300x225.jpg 300w, https:\/\/salvator-schule.de\/wp-content\/uploads\/2018\/03\/Elternaktion_Garten_2018-62-768x576.jpg 768w, https:\/\/salvator-schule.de\/wp-content\/uploads\/2018\/03\/Elternaktion_Garten_2018-62.jpg 1280w\" sizes=\"(max-width: 610px) 100vw, 610px\" \/><\/a><\/p>\n","protected":false},"excerpt":{"rendered":"<p>Dank vieler Eltern, OGS-MitarbeiterInnen, LehrerInnen und Kindern haben wir heute in einer Rekordzeit unseren Schulgarten auf fordermann gebracht. Da wir heute unseren Sauberhaft-Tag in der Schule hatten passte im Anschluss eine &#8222;Reinigung&#8220; unseres Schulgartens perfekt in den Tag. Einige Eltern der Erstkl\u00e4ssler waren sogar am Vormittag und Nachmittag dabei. Wir haben heute mehrere B\u00e4ume, Obst [&hellip;]<\/p>\n","protected":false},"author":3,"featured_media":0,"comment_status":"open","ping_status":"open","sticky":false,"template":"","format":"aside","meta":{"_uag_custom_page_level_css":"","footnotes":""},"categories":[8],"tags":[],"class_list":["post-3170","post","type-post","status-publish","format-aside","hentry","category-news","post_format-post-format-aside"],"uagb_featured_image_src":{"full":false,"thumbnail":false,"medium":false,"medium_large":false,"large":false,"1536x1536":false,"2048x2048":false,"post-thumbnail":false,"evolve-post-thumbnail":false,"evolve-slider-thumbnail":false,"evolve-tabs-img":false,"evolve-testimonial-avatar":false},"uagb_author_info":{"display_name":"Roesner","author_link":"https:\/\/salvator-schule.de\/?author=3"},"uagb_comment_info":1,"uagb_excerpt":"Dank vieler Eltern, OGS-MitarbeiterInnen, LehrerInnen und Kindern haben wir heute in einer Rekordzeit unseren Schulgarten auf fordermann gebracht. Da wir heute unseren Sauberhaft-Tag in der Schule hatten passte im Anschluss eine &#8222;Reinigung&#8220; unseres Schulgartens perfekt in den Tag. Einige Eltern der Erstkl\u00e4ssler waren sogar am Vormittag und Nachmittag dabei. Wir haben heute mehrere B\u00e4ume, Obst&hellip;","_links":{"self":[{"href":"https:\/\/salvator-schule.de\/index.php?rest_route=\/wp\/v2\/posts\/3170"}],"collection":[{"href":"https:\/\/salvator-schule.de\/index.php?rest_route=\/wp\/v2\/posts"}],"about":[{"href":"https:\/\/salvator-schule.de\/index.php?rest_route=\/wp\/v2\/types\/post"}],"author":[{"embeddable":true,"href":"https:\/\/salvator-schule.de\/index.php?rest_route=\/wp\/v2\/users\/3"}],"replies":[{"embeddable":true,"href":"https:\/\/salvator-schule.de\/index.php?rest_route=%2Fwp%2Fv2%2Fcomments&post=3170"}],"version-history":[{"count":7,"href":"https:\/\/salvator-schule.de\/index.php?rest_route=\/wp\/v2\/posts\/3170\/revisions"}],"predecessor-version":[{"id":3438,"href":"https:\/\/salvator-schule.de\/index.php?rest_route=\/wp\/v2\/posts\/3170\/revisions\/3438"}],"wp:attachment":[{"href":"https:\/\/salvator-schule.de\/index.php?rest_route=%2Fwp%2Fv2%2Fmedia&parent=3170"}],"wp:term":[{"taxonomy":"category","embeddable":true,"href":"https:\/\/salvator-schule.de\/index.php?rest_route=%2Fwp%2Fv2%2Fcategories&post=3170"},{"taxonomy":"post_tag","embeddable":true,"href":"https:\/\/salvator-schule.de\/index.php?rest_route=%2Fwp%2Fv2%2Ftags&post=3170"}],"curies":[{"name":"wp","href":"https:\/\/api.w.org\/{rel}","templated":true}]}}